{"id":418,"date":"2022-05-09T00:59:24","date_gmt":"2022-05-08T21:59:24","guid":{"rendered":"http:\/\/www.nasrinparvaz.org\/web\/?p=418"},"modified":"2022-05-31T16:37:15","modified_gmt":"2022-05-31T13:37:15","slug":"yo-no-me-quiebro-nasrins-memoir-in-spanish","status":"publish","type":"post","link":"https:\/\/www.nasrinparvaz.org\/web\/2022\/05\/09\/yo-no-me-quiebro-nasrins-memoir-in-spanish\/","title":{"rendered":"&#8220;Yo no me quiebro&#8221;, Nasrin&#8217;s Memoir in Spanish"},"content":{"rendered":"<p>En 1979, Nasrin Parcaz regres\u00f3 a Ir\u00e1n desde Inglaterra, donde hab\u00eda ido a estudiar, y se hizo militante de un partido socialista que luchaba por un estado no isl\u00e1mico. Tres a\u00f1os m\u00e1s tarde, a la edad de 23, Nasrin fue detenida por la polic\u00eda secreta del r\u00e9gimen isl\u00e1mico. Durante los ocho a\u00f1os que siguieron, estuvo prisionera recintos del sistema penal iran\u00ed.<\/p>\n<p>Yo no me quiebro es un testimonio de lo que tuvo que sufrir durante esos ocho a\u00f1os.<\/p>\n<div style=\"width: 660px;\" class=\"wp-video\"><video class=\"wp-video-shortcode\" id=\"video-418-1\" width=\"660\" height=\"660\" preload=\"metadata\" controls=\"controls\"><source type=\"video\/mp4\" src=\"https:\/\/www.nasrinparvaz.org\/web\/wp-content\/uploads\/2022\/05\/YO-NO-ME-QUIEBRO.m4v?_=1\" \/><a href=\"https:\/\/www.nasrinparvaz.org\/web\/wp-content\/uploads\/2022\/05\/YO-NO-ME-QUIEBRO.m4v\">https:\/\/www.nasrinparvaz.org\/web\/wp-content\/uploads\/2022\/05\/YO-NO-ME-QUIEBRO.m4v<\/a><\/video><\/div>\n<p><a href=\"https:\/\/www.victorinapress.com\/product\/yo-no-me-quiebro-memorias-de-una-presa-politica-irani\/\">https:\/\/www.victorinapress.com\/product\/yo-no-me-quiebro-memorias-de-una-presa-politica-irani\/<\/a><\/p>\n","protected":false},"excerpt":{"rendered":"<p>En 1979, Nasrin Parcaz regres\u00f3 a Ir\u00e1n desde Inglaterra, donde hab\u00eda ido a estudiar, y se hizo militante de un partido socialista que luchaba por un estado no isl\u00e1mico. Tres a\u00f1os m\u00e1s tarde, a la edad de 23, Nasrin fue detenida por la polic\u00eda secreta del r\u00e9gimen isl\u00e1mico. Durante los ocho a\u00f1os que siguieron, estuvo &hellip; <a href=\"https:\/\/www.nasrinparvaz.org\/web\/2022\/05\/09\/yo-no-me-quiebro-nasrins-memoir-in-spanish\/\" class=\"more-link\">Continue reading <span class=\"screen-reader-text\">&#8220;Yo no me quiebro&#8221;, Nasrin&#8217;s Memoir in Spanish<\/span><\/a><\/p>\n","protected":false},"author":1,"featured_media":0,"comment_status":"closed","ping_status":"open","sticky":false,"template":"","format":"standard","meta":{"footnotes":""},"categories":[18],"tags":[19,28,14,31,12],"class_list":["post-418","post","type-post","status-publish","format-standard","hentry","category-books","tag-book","tag-memoir","tag-prison","tag-prison-memoir","tag-writing"],"_links":{"self":[{"href":"https:\/\/www.nasrinparvaz.org\/web\/wp-json\/wp\/v2\/posts\/418","targetHints":{"allow":["GET"]}}],"collection":[{"href":"https:\/\/www.nasrinparvaz.org\/web\/wp-json\/wp\/v2\/posts"}],"about":[{"href":"https:\/\/www.nasrinparvaz.org\/web\/wp-json\/wp\/v2\/types\/post"}],"author":[{"embeddable":true,"href":"https:\/\/www.nasrinparvaz.org\/web\/wp-json\/wp\/v2\/users\/1"}],"replies":[{"embeddable":true,"href":"https:\/\/www.nasrinparvaz.org\/web\/wp-json\/wp\/v2\/comments?post=418"}],"version-history":[{"count":3,"href":"https:\/\/www.nasrinparvaz.org\/web\/wp-json\/wp\/v2\/posts\/418\/revisions"}],"predecessor-version":[{"id":425,"href":"https:\/\/www.nasrinparvaz.org\/web\/wp-json\/wp\/v2\/posts\/418\/revisions\/425"}],"wp:attachment":[{"href":"https:\/\/www.nasrinparvaz.org\/web\/wp-json\/wp\/v2\/media?parent=418"}],"wp:term":[{"taxonomy":"category","embeddable":true,"href":"https:\/\/www.nasrinparvaz.org\/web\/wp-json\/wp\/v2\/categories?post=418"},{"taxonomy":"post_tag","embeddable":true,"href":"https:\/\/www.nasrinparvaz.org\/web\/wp-json\/wp\/v2\/tags?post=418"}],"curies":[{"name":"wp","href":"https:\/\/api.w.org\/{rel}","templated":true}]}}